{"id":315,"date":"2026-08-23T15:13:53","date_gmt":"2026-08-23T15:13:53","guid":{"rendered":"https:\/\/myronix.com.tr\/?p=315"},"modified":"2026-08-23T15:25:58","modified_gmt":"2026-08-23T15:25:58","slug":"dunyada-devrim-yaratacak-inovasyon-gelecegin-teknolojisi-nasil-olacak","status":"publish","type":"post","link":"https:\/\/myronix.com.tr\/?p=315","title":{"rendered":"D\u00fcnyada Devrim Yaratacak \u0130novasyon: Gelece\u011fin Teknolojisi Nas\u0131l Olacak?"},"content":{"rendered":"\n<h1 class=\"wp-block-heading\">D\u00fcnyada Devrim Yaratacak \u0130novasyon: Gelece\u011fin Teknolojisi Nas\u0131l Olacak?<\/h1>\n\n\n\n<p class=\"wp-block-paragraph\">Bug\u00fcn telefonlar\u0131m\u0131z\u0131 \u015farj etmek i\u00e7in prizlere, kablolara ve adapt\u00f6rlere ihtiya\u00e7 duyuyoruz. 20W, 35W, 67W, 120W hatta 240W gibi g\u00fc\u00e7 de\u011ferleri art\u0131k hayat\u0131m\u0131z\u0131n bir par\u00e7as\u0131. Peki ya gelecekte \u015farj cihazlar\u0131na hi\u00e7 ihtiya\u00e7 duymasayd\u0131k?<\/p>\n\n\n\n<p class=\"wp-block-paragraph\">Belki de teknolojinin bir sonraki b\u00fcy\u00fck devrimi, <strong>daha h\u0131zl\u0131 \u015farj cihazlar\u0131 \u00fcretmek de\u011fil, \u015farj cihazlar\u0131na olan ihtiyac\u0131 ortadan kald\u0131rmak<\/strong> olacak.<\/p>\n\n\n\n<h2 class=\"wp-block-heading has-vivid-red-color has-text-color has-link-color wp-elements-1\">Enerjiyi Her Yerden Toplayan Cihazlar<\/h2>\n\n\n\n<p class=\"wp-block-paragraph\">Gelece\u011fin elektronik cihazlar\u0131 yaln\u0131zca bataryalar\u0131nda depolanan enerjiyi kullanmakla kalmayabilir. \u00c7evrelerindeki enerjiyi s\u00fcrekli olarak toplayabilir.<\/p>\n\n\n\n<p class=\"wp-block-paragraph\">G\u00fcne\u015f \u0131\u015f\u0131\u011f\u0131, ortam s\u0131cakl\u0131\u011f\u0131, hareket, titre\u015fim ve hatta \u00e7evrede bulunan radyo frekanslar\u0131 enerji kayna\u011f\u0131na d\u00f6n\u00fc\u015febilir.<\/p>\n\n\n\n<p class=\"wp-block-paragraph\">\u00d6rne\u011fin gelece\u011fin bir ak\u0131ll\u0131 telefonu, masan\u0131n \u00fczerinde dururken ortam \u0131\u015f\u0131\u011f\u0131ndan enerji toplayabilir, cebinizde hareket ederken kinetik enerjiyi kullanabilir ve d\u00fc\u015f\u00fck seviyeli kablosuz sinyallerden ek enerji elde edebilir.<\/p>\n\n\n\n<p class=\"wp-block-paragraph\">Tek bir enerji kayna\u011f\u0131 yerine bir\u00e7ok k\u00fc\u00e7\u00fck enerji kayna\u011f\u0131n\u0131n bir araya gelmesi, cihazlar\u0131n \u00e7al\u0131\u015fma s\u00fcresini b\u00fcy\u00fck \u00f6l\u00e7\u00fcde de\u011fi\u015ftirebilir.<\/p>\n\n\n\n<h2 class=\"wp-block-heading has-vivid-red-color has-text-color has-link-color wp-elements-2\">Yapay Zek\u00e2 Enerjiyi Y\u00f6netecek<\/h2>\n\n\n\n<p class=\"wp-block-paragraph\">\u0130novasyon yaln\u0131zca donan\u0131mda ger\u00e7ekle\u015fmeyecek.<\/p>\n\n\n\n<p class=\"wp-block-paragraph\">Yapay zek\u00e2, cihazlar\u0131n enerji t\u00fcketimini de tamamen de\u011fi\u015ftirebilir. Telefonunuz hangi uygulamay\u0131 ne zaman kulland\u0131\u011f\u0131n\u0131z\u0131 \u00f6\u011frenebilir ve enerjiyi sizin al\u0131\u015fkanl\u0131klar\u0131n\u0131za g\u00f6re y\u00f6netebilir.<\/p>\n\n\n\n<p class=\"wp-block-paragraph\">\u00d6rne\u011fin gece boyunca y\u00fcksek performansa ihtiya\u00e7 olmad\u0131\u011f\u0131n\u0131 anlayan sistem, i\u015flemci g\u00fcc\u00fcn\u00fc otomatik olarak d\u00fc\u015f\u00fcrebilir. Sabah uyand\u0131\u011f\u0131n\u0131zda ise cihaz yeniden performans\u0131n\u0131 art\u0131rabilir.<\/p>\n\n\n\n<p class=\"wp-block-paragraph\">B\u00f6ylece daha b\u00fcy\u00fck bataryalar yerine <strong>daha ak\u0131ll\u0131 enerji y\u00f6netimi<\/strong> \u00f6n plana \u00e7\u0131kabilir.<\/p>\n\n\n\n<h2 class=\"wp-block-heading has-vivid-red-color has-text-color has-link-color wp-elements-3\">Bataryalar\u0131n Sonu mu Geliyor?<\/h2>\n\n\n\n<p class=\"wp-block-paragraph\">Batarya teknolojisi de b\u00fcy\u00fck bir d\u00f6n\u00fc\u015f\u00fcm\u00fcn e\u015fi\u011finde.<\/p>\n\n\n\n<p class=\"wp-block-paragraph\">Gelecekte daha y\u00fcksek enerji yo\u011funlu\u011funa sahip bataryalar, daha h\u0131zl\u0131 \u015farj olabilen sistemler ve daha uzun \u00f6m\u00fcrl\u00fc enerji depolama teknolojileri hayat\u0131m\u0131za girebilir.<\/p>\n\n\n\n<p class=\"wp-block-paragraph\">Ancak as\u0131l devrim, bataryan\u0131n kapasitesini art\u0131rmak de\u011fil, cihaz\u0131n <strong>daha az enerjiye ihtiya\u00e7 duymas\u0131n\u0131 ve ihtiya\u00e7 duydu\u011fu enerjinin bir b\u00f6l\u00fcm\u00fcn\u00fc kendi \u00fcretmesini sa\u011flamak<\/strong> olabilir.<\/p>\n\n\n\n<p class=\"wp-block-paragraph\">Bu ger\u00e7ekle\u015firse \u201cTelefonumu ne zaman \u015farj edece\u011fim?\u201d sorusunun yerini \u201cTelefonum enerjiyi nereden topluyor?\u201d sorusu alabilir.<\/p>\n\n\n\n<h2 class=\"wp-block-heading has-vivid-red-color has-text-color has-link-color wp-elements-4\">\u015earj Cihazlar\u0131 Tarihe mi Kar\u0131\u015facak?<\/h2>\n\n\n\n<p class=\"wp-block-paragraph\">Bug\u00fcn \u015farj cihazlar\u0131 elektronik d\u00fcnyas\u0131n\u0131n vazge\u00e7ilmez \u00fcr\u00fcnlerinden biri.<\/p>\n\n\n\n<p class=\"wp-block-paragraph\">Ancak teknoloji tarihine bakt\u0131\u011f\u0131m\u0131zda hi\u00e7bir \u00fcr\u00fcn\u00fcn sonsuza kadar ayn\u0131 kalmad\u0131\u011f\u0131n\u0131 g\u00f6r\u00fcyoruz.<\/p>\n\n\n\n<p class=\"wp-block-paragraph\">Kablolar k\u00fc\u00e7\u00fcld\u00fc, ba\u011flant\u0131lar standartla\u015ft\u0131, kablosuz \u015farj hayat\u0131m\u0131za girdi. Bir sonraki ad\u0131m ise cihazlar\u0131n enerji ihtiyac\u0131n\u0131 m\u00fcmk\u00fcn oldu\u011funca kendi ba\u015flar\u0131na kar\u015f\u0131lamas\u0131 olabilir.<\/p>\n\n\n\n<p class=\"wp-block-paragraph\">Bu ger\u00e7ekle\u015fti\u011finde \u015farj cihazlar\u0131 tamamen ortadan kalkmasa bile kullan\u0131m \u015feklimiz b\u00fcy\u00fck \u00f6l\u00e7\u00fcde de\u011fi\u015febilir.<\/p>\n\n\n\n<h2 class=\"wp-block-heading has-vivid-red-color has-text-color has-link-color wp-elements-5\">As\u0131l Devrim Nerede?<\/h2>\n\n\n\n<p class=\"wp-block-paragraph\">Belki de gelece\u011fin en b\u00fcy\u00fck inovasyonu daha g\u00fc\u00e7l\u00fc bir telefon, daha h\u0131zl\u0131 bir i\u015flemci veya daha b\u00fcy\u00fck bir ekran olmayacak.<\/p>\n\n\n\n<p class=\"wp-block-paragraph\">As\u0131l devrim, <strong>teknolojinin kullan\u0131c\u0131dan daha az \u015fey istemesi<\/strong> olacak.<\/p>\n\n\n\n<p class=\"wp-block-paragraph\">Daha az kablo.<\/p>\n\n\n\n<p class=\"wp-block-paragraph\">Daha az priz.<\/p>\n\n\n\n<p class=\"wp-block-paragraph\">Daha az bekleme.<\/p>\n\n\n\n<p class=\"wp-block-paragraph\">Daha az enerji t\u00fcketimi.<\/p>\n\n\n\n<p class=\"wp-block-paragraph\">Daha fazla \u00f6zg\u00fcrl\u00fck.<\/p>\n\n\n\n<p class=\"wp-block-paragraph\">Bug\u00fcn 67W h\u0131zl\u0131 \u015farj teknolojisini konu\u015fuyoruz. Yar\u0131n belki de \u201cka\u00e7 watt?\u201d sorusunun hi\u00e7bir anlam\u0131 kalmayacak.<\/p>\n\n\n\n<p class=\"wp-block-paragraph\">\u00c7\u00fcnk\u00fc gelece\u011fin elektronik cihazlar\u0131 yaln\u0131zca enerjiyi t\u00fcketen cihazlar de\u011fil, <strong>enerjiyi alg\u0131layan, toplayan, depolayan ve ak\u0131ll\u0131ca kullanan sistemler<\/strong> haline gelebilir.<\/p>\n\n\n\n<h3 class=\"wp-block-heading has-vivid-red-color has-text-color has-link-color wp-elements-6\">Gelecek Bug\u00fcnden Ba\u015fl\u0131yor<\/h3>\n\n\n\n<p class=\"wp-block-paragraph\">\u0130novasyon, gelecekte bir g\u00fcn ortaya \u00e7\u0131kacak sihirli bir teknoloji de\u011fildir. Bug\u00fcn geli\u015ftirdi\u011fimiz k\u00fc\u00e7\u00fck fikirlerin birle\u015fimidir.<\/p>\n\n\n\n<p class=\"wp-block-paragraph\">Daha verimli \u00e7ipler, daha ak\u0131ll\u0131 yapay zek\u00e2 sistemleri, yeni nesil bataryalar, enerji hasad\u0131 teknolojileri ve kablosuz ileti\u015fim \u00e7\u00f6z\u00fcmleri ayn\u0131 noktada birle\u015fti\u011finde elektronik d\u00fcnyas\u0131n\u0131n \u00e7al\u0131\u015fma \u015fekli tamamen de\u011fi\u015febilir.<\/p>\n\n\n\n<p class=\"wp-block-paragraph\">Belki bundan 10 veya 20 y\u0131l sonra insanlar bug\u00fcn\u00fcn \u015farj cihazlar\u0131na bak\u0131p \u015f\u00f6yle diyecek:<\/p>\n\n\n\n<p class=\"has-vivid-red-color has-text-color has-link-color wp-elements-7 wp-block-paragraph\"><strong>\u201cBir zamanlar telefonlar\u0131m\u0131z\u0131 bununla m\u0131 \u015farj ediyorduk?\u201d<\/strong><\/p>\n\n\n\n<p class=\"wp-block-paragraph\">\u0130\u015fte ger\u00e7ek inovasyon, yaln\u0131zca yeni bir \u00fcr\u00fcn \u00fcretmek de\u011fildir.<\/p>\n\n\n\n<p class=\"wp-block-paragraph\"><strong>\u0130nsanlar\u0131n bir problemi \u00e7\u00f6zme bi\u00e7imini de\u011fi\u015ftirmektir.<\/strong><\/p>\n\n\n\n<p class=\"wp-block-paragraph\">Ve belki de d\u00fcnyan\u0131n bir sonraki b\u00fcy\u00fck teknoloji devrimi, tam olarak buradan ba\u015flayacak.<\/p>\n","protected":false},"excerpt":{"rendered":"<p>D\u00fcnyada Devrim Yaratacak \u0130novasyon: Gelece\u011fin Teknolojisi Nas\u0131l Olacak? Bug\u00fcn telefonlar\u0131m\u0131z\u0131 \u015farj etmek i\u00e7in prizlere, kablolara ve adapt\u00f6rlere ihtiya\u00e7 duyuyoruz. 20W, 35W, 67W, 120W hatta 240W gibi g\u00fc\u00e7 de\u011ferleri art\u0131k hayat\u0131m\u0131z\u0131n bir par\u00e7as\u0131. Peki ya gelecekte \u015farj cihazlar\u0131na hi\u00e7 ihtiya\u00e7 duymasayd\u0131k? Belki de teknolojinin bir sonraki b\u00fcy\u00fck devrimi, daha h\u0131zl\u0131 \u015farj cihazlar\u0131 \u00fcretmek de\u011fil, \u015farj cihazlar\u0131na<\/p>\n<div class=\"more-link\">\n             <a href=\"https:\/\/myronix.com.tr\/?p=315\" class=\"theme-btn\"><span>Okumaya devam et <\/span><i class=\"bi bi-arrow-right\"><\/i><\/a>\n        <\/div>\n","protected":false},"author":1,"featured_media":321,"comment_status":"open","ping_status":"open","sticky":false,"template":"","format":"standard","meta":{"footnotes":""},"categories":[1],"tags":[127,39,126],"class_list":["post-315","post","type-post","status-publish","format-standard","has-post-thumbnail","hentry","category-uncategorized","tag-gelecek-sarj-inovasyon-teknoji-devrimi","tag-myronix","tag-sincar-teknoloji"],"_links":{"self":[{"href":"https:\/\/myronix.com.tr\/index.php?rest_route=\/wp\/v2\/posts\/315","targetHints":{"allow":["GET"]}}],"collection":[{"href":"https:\/\/myronix.com.tr\/index.php?rest_route=\/wp\/v2\/posts"}],"about":[{"href":"https:\/\/myronix.com.tr\/index.php?rest_route=\/wp\/v2\/types\/post"}],"author":[{"embeddable":true,"href":"https:\/\/myronix.com.tr\/index.php?rest_route=\/wp\/v2\/users\/1"}],"replies":[{"embeddable":true,"href":"https:\/\/myronix.com.tr\/index.php?rest_route=%2Fwp%2Fv2%2Fcomments&post=315"}],"version-history":[{"count":4,"href":"https:\/\/myronix.com.tr\/index.php?rest_route=\/wp\/v2\/posts\/315\/revisions"}],"predecessor-version":[{"id":320,"href":"https:\/\/myronix.com.tr\/index.php?rest_route=\/wp\/v2\/posts\/315\/revisions\/320"}],"wp:featuredmedia":[{"embeddable":true,"href":"https:\/\/myronix.com.tr\/index.php?rest_route=\/wp\/v2\/media\/321"}],"wp:attachment":[{"href":"https:\/\/myronix.com.tr\/index.php?rest_route=%2Fwp%2Fv2%2Fmedia&parent=315"}],"wp:term":[{"taxonomy":"category","embeddable":true,"href":"https:\/\/myronix.com.tr\/index.php?rest_route=%2Fwp%2Fv2%2Fcategories&post=315"},{"taxonomy":"post_tag","embeddable":true,"href":"https:\/\/myronix.com.tr\/index.php?rest_route=%2Fwp%2Fv2%2Ftags&post=315"}],"curies":[{"name":"wp","href":"https:\/\/api.w.org\/{rel}","templated":true}]}}