{"id":12,"date":"2026-06-21T05:45:24","date_gmt":"2026-06-21T05:45:24","guid":{"rendered":"https:\/\/myronix.com.tr\/?p=12"},"modified":"2026-06-21T07:06:16","modified_gmt":"2026-06-21T07:06:16","slug":"nasa-uzayda-yasamin-izlerini-kaciriyor-olabilir","status":"publish","type":"post","link":"https:\/\/myronix.com.tr\/?p=12","title":{"rendered":"NASA Uzayda ya\u015fam\u0131n izlerini ka\u00e7\u0131r\u0131yor olabilir"},"content":{"rendered":"\n<figure class=\"wp-block-image size-full\"><img loading=\"lazy\" decoding=\"async\" width=\"726\" height=\"481\" src=\"https:\/\/myronix.com.tr\/wp-content\/uploads\/2026\/06\/nasa.webp\" alt=\"\" class=\"wp-image-13\" srcset=\"https:\/\/myronix.com.tr\/wp-content\/uploads\/2026\/06\/nasa.webp 726w, https:\/\/myronix.com.tr\/wp-content\/uploads\/2026\/06\/nasa-300x199.webp 300w\" sizes=\"auto, (max-width: 726px) 100vw, 726px\" \/><\/figure>\n\n\n\n<p class=\"wp-block-paragraph\">Bilim insanlar\u0131, uzayda ya\u015fam aray\u0131\u015f\u0131nda en b\u00fcy\u00fck hatalardan birinin \u201cbulursak mutlaka tan\u0131r\u0131z\u201d varsay\u0131m\u0131 olabilece\u011fini s\u00f6yl\u00fcyor. Yeni bir ara\u015ft\u0131rmaya g\u00f6re Mars\u2019ta ya da uzak gezegenlerde ya\u015fam izleri zaten var olabilir; ancak mevcut ara\u00e7lar, y\u00f6ntemler ve beklentiler bu izleri g\u00f6zden ka\u00e7\u0131rmam\u0131za neden olabilir.<\/p>\n\n\n\n<p class=\"wp-block-paragraph\"><a href=\"https:\/\/www.hurriyet.com.tr\/haberleri\/astrobiyoloji\" target=\"_blank\" rel=\"noreferrer noopener\">Astrobiyoloji<\/a>&nbsp;alan\u0131nda uzun y\u0131llard\u0131r en b\u00fcy\u00fck endi\u015felerden biri \u201cyanl\u0131\u015f pozitif\u201d sonu\u00e7lard\u0131. Yani cans\u0131z kimyasal s\u00fcre\u00e7lerin, yanl\u0131\u015fl\u0131kla biyolojik ya\u015fam izi san\u0131lmas\u0131. Ancak ara\u015ft\u0131rmac\u0131lar \u015fimdi tam tersine dikkat \u00e7ekiyor: Ya ger\u00e7ekten ya\u015fam varsa ve biz onu tespit edemiyorsak?<\/p>\n\n\n\n<p class=\"wp-block-paragraph\">Bilim insanlar\u0131na g\u00f6re bu durum \u201cyanl\u0131\u015f negatif\u201d olarak tan\u0131mlan\u0131yor. Yani ya\u015fam\u0131n mevcut olmas\u0131na ra\u011fmen \u00f6l\u00e7\u00fcm cihazlar\u0131n\u0131n, g\u00f6zlem y\u00f6ntemlerinin ya da bilimsel varsay\u0131mlar\u0131n bunu fark edememesi.<\/p>\n\n\n\n<p class=\"wp-block-paragraph\">Ara\u015ft\u0131rman\u0131n ba\u015fyazarlar\u0131ndan astrobiyolog Inge Loes ten Kate, ya\u015fam\u0131 tan\u0131madaki eksikliklerin hen\u00fcz ara\u015ft\u0131rma g\u00fcndeminde yeterince yer almad\u0131\u011f\u0131n\u0131 belirtiyor. Ona g\u00f6re uzay g\u00f6revleri yaln\u0131zca \u201cne arad\u0131\u011f\u0131m\u0131za\u201d de\u011fil, \u201cneyi ka\u00e7\u0131rabilece\u011fimize\u201d de odaklanmal\u0131.<\/p>\n\n\n\n<p class=\"wp-block-paragraph\">Ara\u015ft\u0131rmac\u0131lara g\u00f6re ya\u015fam izlerinin ka\u00e7\u0131r\u0131lmas\u0131n\u0131n birka\u00e7 nedeni olabilir. Biyolojik izler iyi korunmam\u0131\u015f olabilir, sinyaller \u00e7ok zay\u0131f kalabilir ya da mevcut cihazlar bu i\u015faretleri ay\u0131rt edecek hassasiyete sahip olmayabilir.<\/p>\n\n\n\n<p class=\"wp-block-paragraph\">\u00d6rne\u011fin bir gezegende mikroorganizmalar y\u00fczeyin alt\u0131nda, bir kayan\u0131n g\u00f6lgesinde ya da insanl\u0131\u011f\u0131n hen\u00fcz ya\u015famla ili\u015fkilendirmedi\u011fi kimyasal ortamlarda bulunabilir. Ancak g\u00f6rev ara\u00e7lar\u0131 yaln\u0131zca belirli y\u00fczey \u00f6l\u00e7\u00fcmlerine ya da bilinen biyolojik i\u015faretlere odaklan\u0131rsa bu ihtimal tamamen g\u00f6zden ka\u00e7abilir.<\/p>\n\n\n\n<p class=\"wp-block-paragraph\">Ara\u015ft\u0131rmac\u0131lar bu nedenle gelecekteki&nbsp;<a href=\"https:\/\/www.hurriyet.com.tr\/haberleri\/uzay\" target=\"_blank\" rel=\"noreferrer noopener\">uzay<\/a>&nbsp;g\u00f6revlerinde laboratuvar deneylerinin, bilgisayar modellemelerinin ve saha \u00e7al\u0131\u015fmalar\u0131n\u0131n daha dikkatli tasarlanmas\u0131 gerekti\u011fini vurguluyor. Yapay zekan\u0131n da burada \u00f6nemli bir rol oynayabilece\u011fi belirtiliyor. \u00c7\u00fcnk\u00fc yapay zeka, insan ara\u015ft\u0131rmac\u0131lar\u0131n fark etmekte zorlanabilece\u011fi desenleri ve ili\u015fkileri ortaya \u00e7\u0131karabilir.<\/p>\n\n\n\n<p class=\"wp-block-paragraph\"><strong>MARS \u0130\u00c7\u0130N KR\u0130T\u0130K UYARI<\/strong><br><br>\u00c7al\u0131\u015fmada Mars \u00f6zelinde de dikkat \u00e7ekici bir \u00f6rnek veriliyor. Ge\u00e7en y\u0131l Mars\u2019ta ke\u015ffedilen baz\u0131 demir i\u00e7eren minerallerde, \u00e7evredeki di\u011fer minerallerden farkl\u0131 oksidasyon desenleri g\u00f6r\u00fcld\u00fc. D\u00fcnya\u2019da benzer \u00f6r\u00fcnt\u00fcler \u00e7o\u011fu zaman ya\u015famla ili\u015fkilendirilebiliyor.<\/p>\n\n\n\n<figure class=\"wp-block-image size-full\"><img loading=\"lazy\" decoding=\"async\" width=\"770\" height=\"510\" src=\"https:\/\/myronix.com.tr\/wp-content\/uploads\/2026\/06\/nasa-1.webp\" alt=\"\" class=\"wp-image-14\" srcset=\"https:\/\/myronix.com.tr\/wp-content\/uploads\/2026\/06\/nasa-1.webp 770w, https:\/\/myronix.com.tr\/wp-content\/uploads\/2026\/06\/nasa-1-300x199.webp 300w, https:\/\/myronix.com.tr\/wp-content\/uploads\/2026\/06\/nasa-1-768x509.webp 768w\" sizes=\"auto, (max-width: 770px) 100vw, 770px\" \/><\/figure>\n\n\n\n<p class=\"wp-block-paragraph\">Ancak ara\u015ft\u0131rmac\u0131lar bunun Mars\u2019ta ya\u015fam bulundu\u011fu anlam\u0131na gelmedi\u011fini \u00f6zellikle vurguluyor. Bu minerallerin biyolojik s\u00fcre\u00e7lerle mi yoksa tamamen cans\u0131z kimyasal reaksiyonlarla m\u0131 olu\u015ftu\u011fu hen\u00fcz bilinmiyor. Yine de bu t\u00fcr belirsizlikler, ya\u015fam aray\u0131\u015f\u0131nda yaln\u0131zca \u201cbulduk mu?\u201d sorusunun de\u011fil, \u201cg\u00f6z\u00fcm\u00fcz\u00fcn \u00f6n\u00fcndeki \u015feyi anlayabiliyor muyuz?\u201d sorusunun da kritik oldu\u011funu g\u00f6steriyor.<\/p>\n\n\n\n<p class=\"wp-block-paragraph\"><a href=\"https:\/\/www.hurriyet.com.tr\/haberleri\/bilim\" target=\"_blank\" rel=\"noreferrer noopener\">Bilim<\/a>&nbsp;insanlar\u0131na g\u00f6re bu risk yaln\u0131zca akademik bir sorun de\u011fil. E\u011fer bir gezegende ya da uyduda mikrobiyal ya\u015fam fark edilmeden madencilik veya end\u00fcstriyel faaliyet ba\u015flarsa, bu ya\u015fam ke\u015ffedilmeden yok edilebilir. Bu nedenle gelecekteki ini\u015f b\u00f6lgelerinin \u00e7ok daha ayr\u0131nt\u0131l\u0131 incelenmesi ve g\u00f6revlerin yaln\u0131zca bilinen ya\u015fam izlerine g\u00f6re de\u011fil, g\u00f6zden ka\u00e7abilecek i\u015faretlere g\u00f6re de tasarlanmas\u0131 gerekti\u011fi belirtiliyor.<\/p>\n\n\n\n<p class=\"wp-block-paragraph\">Kaynak H\u00fcrriyet Gazetesi<\/p>\n\n\n\n<p class=\"wp-block-paragraph\"><\/p>\n\n\n\n<p class=\"wp-block-paragraph\"><\/p>\n","protected":false},"excerpt":{"rendered":"<p>Bilim insanlar\u0131, uzayda ya\u015fam aray\u0131\u015f\u0131nda en b\u00fcy\u00fck hatalardan birinin \u201cbulursak mutlaka tan\u0131r\u0131z\u201d varsay\u0131m\u0131 olabilece\u011fini s\u00f6yl\u00fcyor. Yeni bir ara\u015ft\u0131rmaya g\u00f6re Mars\u2019ta ya da uzak gezegenlerde ya\u015fam izleri zaten var olabilir; ancak mevcut ara\u00e7lar, y\u00f6ntemler ve beklentiler bu izleri g\u00f6zden ka\u00e7\u0131rmam\u0131za neden olabilir. Astrobiyoloji&nbsp;alan\u0131nda uzun y\u0131llard\u0131r en b\u00fcy\u00fck endi\u015felerden biri \u201cyanl\u0131\u015f pozitif\u201d sonu\u00e7lard\u0131. Yani cans\u0131z kimyasal s\u00fcre\u00e7lerin,<\/p>\n<div class=\"more-link\">\n             <a href=\"https:\/\/myronix.com.tr\/?p=12\" class=\"theme-btn\"><span>Okumaya devam et <\/span><i class=\"bi bi-arrow-right\"><\/i><\/a>\n        <\/div>\n","protected":false},"author":1,"featured_media":0,"comment_status":"open","ping_status":"open","sticky":false,"template":"","format":"standard","meta":{"footnotes":""},"categories":[1],"tags":[7,9,10],"class_list":["post-12","post","type-post","status-publish","format-standard","hentry","category-uncategorized","tag-nasa","tag-uzayda-yasam-var-mi","tag-uzayda-yasamin-izlerini-kaciriyor-muyuz"],"_links":{"self":[{"href":"https:\/\/myronix.com.tr\/index.php?rest_route=\/wp\/v2\/posts\/12","targetHints":{"allow":["GET"]}}],"collection":[{"href":"https:\/\/myronix.com.tr\/index.php?rest_route=\/wp\/v2\/posts"}],"about":[{"href":"https:\/\/myronix.com.tr\/index.php?rest_route=\/wp\/v2\/types\/post"}],"author":[{"embeddable":true,"href":"https:\/\/myronix.com.tr\/index.php?rest_route=\/wp\/v2\/users\/1"}],"replies":[{"embeddable":true,"href":"https:\/\/myronix.com.tr\/index.php?rest_route=%2Fwp%2Fv2%2Fcomments&post=12"}],"version-history":[{"count":3,"href":"https:\/\/myronix.com.tr\/index.php?rest_route=\/wp\/v2\/posts\/12\/revisions"}],"predecessor-version":[{"id":27,"href":"https:\/\/myronix.com.tr\/index.php?rest_route=\/wp\/v2\/posts\/12\/revisions\/27"}],"wp:attachment":[{"href":"https:\/\/myronix.com.tr\/index.php?rest_route=%2Fwp%2Fv2%2Fmedia&parent=12"}],"wp:term":[{"taxonomy":"category","embeddable":true,"href":"https:\/\/myronix.com.tr\/index.php?rest_route=%2Fwp%2Fv2%2Fcategories&post=12"},{"taxonomy":"post_tag","embeddable":true,"href":"https:\/\/myronix.com.tr\/index.php?rest_route=%2Fwp%2Fv2%2Ftags&post=12"}],"curies":[{"name":"wp","href":"https:\/\/api.w.org\/{rel}","templated":true}]}}